{"id":352,"date":"2018-12-27T14:42:17","date_gmt":"2018-12-27T14:42:17","guid":{"rendered":"http:\/\/blaulichttag-forst.de\/?p=352"},"modified":"2018-12-27T14:43:18","modified_gmt":"2018-12-27T14:43:18","slug":"drk-landesverband-berichtet","status":"publish","type":"post","link":"http:\/\/blaulichttag-forst.de\/?p=352","title":{"rendered":"DRK-Landesverband Brandenburg berichtet"},"content":{"rendered":"\n<p>Der DRK-Landesverband Brandenburg berichtet in seiner aktuellen Ausgabe des Brandenburger Rotkreuz-Magazins 4\/2018 vom 20.12.2018 \u00fcber die Teilnahme der Forster DRK-Mitglieder am Blaulichttag<\/p>\n\n\n\n<div class=\"wp-block-image\"><figure class=\"alignleft is-resized\"><img loading=\"lazy\" decoding=\"async\" src=\"http:\/\/blaulichttag-forst.de\/wp-content\/uploads\/2018\/12\/2018_04_rotkreuzmagazin-BB-Blaulichttag.png\" alt=\"\" class=\"wp-image-350\" width=\"343\" height=\"316\"\/><\/figure><\/div>\n\n\n\n<p><strong>DRK beim Forster Blaulichttag<\/strong><br>Sehr gro\u00dfe Resonanz beim Forster Blaulichttag am 29. September: Rund 2 500 Besucher kamen zu der Veranstaltung auf dem Marktplatz um die Forster Stadtkirche. 236 Einsatzkr\u00e4fte von 29 verschiedenen Organisationen und Institutionen \u2013 wie Feuerwehren, Bundespolizei, Technischem Hilfswerk und Deutschem Roten Kreuz \u2013 lieferten eine beeindruckende Leistungsschau ab. Die \u00fcberregionale Veranstaltung, die auch Partner aus Polen nach Forst brachte, war seit fast einem Jahr von der Stadt Forst und den Partnerorganisationen intensiv geplant worden. Begleitet wurde der Blaulichttag im Vorfeld durch die Kampagne \u201eWir suchen Verst\u00e4rkung \u2013 Melde dich jetzt\u201c der Stadt Forst f\u00fcr ein Engagement in der Freiwilligen Feuerwehr und den Hilfsorganisationen. Zwei gro\u00dfe Vorf\u00fchrungen verdeutlichten das Zusammenspiel der verschiedenen Einsatzkr\u00e4fte. Das DRK pr\u00e4sentiert sein Leistungsspektrum mit mehreren Kreisverb\u00e4nden, unter anderem mit der Personenauskunftsstelle der Bereitschaft der Wasserwacht, dem Sanit\u00e4tswachdienst, der Realistischen Notfalldarstellung, dem Hausnotruf sowie dem Blutspendedienst. <\/p>\n\n\n\n<p>Die gesamte Ausgabe des Brandenburger Rotkreuz-Magazin 4\/2018 steht unter <a href=\"http:\/\/www.drk-brandenburg.de\/content\/rotkreuzmagazin-archiv.php?id=13\" target=\"_blank\" rel=\"noreferrer noopener\" aria-label=\"http:\/\/www.drk-brandenburg.de\/content\/rotkreuzmagazin-archiv.php?id=13 (\u00f6ffnet in neuem Tab)\">http:\/\/www.drk-brandenburg.de\/content\/rotkreuzmagazin-archiv.php?id=13<\/a> als pdf-Dokument zum Download bereit.<\/p>\n","protected":false},"excerpt":{"rendered":"<p>Der DRK-Landesverband Brandenburg berichtet in seiner aktuellen Ausgabe des Brandenburger Rotkreuz-Magazins 4\/2018 vom 20.12.2018 \u00fcber die Teilnahme der Forster DRK-Mitglieder am Blaulichttag DRK beim Forster BlaulichttagSehr gro\u00dfe Resonanz beim Forster Blaulichttag am 29. September: Rund 2 500 Besucher kamen zu der Veranstaltung auf dem Marktplatz um die Forster Stadtkirche. 236 Einsatzkr\u00e4fte von 29 verschiedenen Organisationen<\/p>\n<p class=\"more-link\"><a href=\"http:\/\/blaulichttag-forst.de\/?p=352\" class=\"themebutton\">Read More<\/a><\/p>\n","protected":false},"author":1,"featured_media":0,"comment_status":"closed","ping_status":"closed","sticky":false,"template":"","format":"standard","meta":{"footnotes":""},"categories":[1],"tags":[],"class_list":["post-352","post","type-post","status-publish","format-standard","hentry","category-uncategorized"],"_links":{"self":[{"href":"http:\/\/blaulichttag-forst.de\/index.php?rest_route=\/wp\/v2\/posts\/352","targetHints":{"allow":["GET"]}}],"collection":[{"href":"http:\/\/blaulichttag-forst.de\/index.php?rest_route=\/wp\/v2\/posts"}],"about":[{"href":"http:\/\/blaulichttag-forst.de\/index.php?rest_route=\/wp\/v2\/types\/post"}],"author":[{"embeddable":true,"href":"http:\/\/blaulichttag-forst.de\/index.php?rest_route=\/wp\/v2\/users\/1"}],"replies":[{"embeddable":true,"href":"http:\/\/blaulichttag-forst.de\/index.php?rest_route=%2Fwp%2Fv2%2Fcomments&post=352"}],"version-history":[{"count":5,"href":"http:\/\/blaulichttag-forst.de\/index.php?rest_route=\/wp\/v2\/posts\/352\/revisions"}],"predecessor-version":[{"id":357,"href":"http:\/\/blaulichttag-forst.de\/index.php?rest_route=\/wp\/v2\/posts\/352\/revisions\/357"}],"wp:attachment":[{"href":"http:\/\/blaulichttag-forst.de\/index.php?rest_route=%2Fwp%2Fv2%2Fmedia&parent=352"}],"wp:term":[{"taxonomy":"category","embeddable":true,"href":"http:\/\/blaulichttag-forst.de\/index.php?rest_route=%2Fwp%2Fv2%2Fcategories&post=352"},{"taxonomy":"post_tag","embeddable":true,"href":"http:\/\/blaulichttag-forst.de\/index.php?rest_route=%2Fwp%2Fv2%2Ftags&post=352"}],"curies":[{"name":"wp","href":"https:\/\/api.w.org\/{rel}","templated":true}]}}